{"id":4382,"date":"2021-06-30T11:01:39","date_gmt":"2021-06-30T09:01:39","guid":{"rendered":"https:\/\/www.spadreams.it\/blog\/?p=4382"},"modified":"2021-07-01T13:32:03","modified_gmt":"2021-07-01T11:32:03","slug":"malteser-klinik-von-weckbecker-intervista-con-il-dr-matejka","status":"publish","type":"post","link":"https:\/\/www.spadreams.it\/blog\/malteser-klinik-von-weckbecker-intervista-con-il-dr-matejka\/","title":{"rendered":"Malteser Klinik von Weckbecker &#8211; Intervista con il Dr. Matejka"},"content":{"rendered":"\n<div class=\"wp-block-columns is-layout-flex wp-container-4 wp-block-columns-is-layout-flex\">\n<div class=\"wp-block-column is-vertically-aligned-bottom is-layout-flow wp-block-column-is-layout-flow\"><\/div>\n\n\n\n<div class=\"wp-block-column is-vertically-aligned-center is-layout-flow wp-block-column-is-layout-flow\"><\/div>\n\n\n\n<div class=\"wp-block-column is-vertically-aligned-bottom is-layout-flow wp-block-column-is-layout-flow\"><\/div>\n<\/div>\n\n\n\n<div class=\"wp-block-columns is-layout-flex wp-container-7 wp-block-columns-is-layout-flex\">\n<div class=\"wp-block-column is-layout-flow wp-block-column-is-layout-flow\" style=\"flex-basis:99%\">\n<p class=\"has-text-align-left\" style=\"font-size:17px\">Oggi vogliamo parlarvi di nuovo di digiuno e per questo motivo abbiamo chiesto il prezioso supporto del Dr. Matejka, <strong>primario del Malteser Klinik von Weckbecker a Bad Br\u00fcckenau<\/strong> che digiuna regolarmente. Recentemente \u00e8 stato pubblicato il suo nuovo libro \u201cil digiuno cura\u201d (disponibile in tedesco, \u201cFasten heilt\u201d). Potete vederne una piccola anteprima in questa intervista! Questa intervista \u00e8 stata tradotta dal tedesco.<\/p>\n<\/div>\n\n\n\n<div class=\"wp-block-column is-layout-flow wp-block-column-is-layout-flow\" style=\"flex-basis:33.33%\">\n<figure class=\"wp-block-image size-large is-resized\"><img decoding=\"async\" loading=\"lazy\" src=\"https:\/\/www.spadreams.it\/blog\/wp-content\/uploads\/sites\/5\/2021\/06\/Blog2_Photo1_Portrait-1-680x1024.jpg\" alt=\"\" class=\"wp-image-4401\" width=\"123\" height=\"186\" srcset=\"https:\/\/www.spadreams.it\/blog\/wp-content\/uploads\/sites\/5\/2021\/06\/Blog2_Photo1_Portrait-1-680x1024.jpg 680w, https:\/\/www.spadreams.it\/blog\/wp-content\/uploads\/sites\/5\/2021\/06\/Blog2_Photo1_Portrait-1-199x300.jpg 199w, https:\/\/www.spadreams.it\/blog\/wp-content\/uploads\/sites\/5\/2021\/06\/Blog2_Photo1_Portrait-1-768x1156.jpg 768w, https:\/\/www.spadreams.it\/blog\/wp-content\/uploads\/sites\/5\/2021\/06\/Blog2_Photo1_Portrait-1-1020x1536.jpg 1020w, https:\/\/www.spadreams.it\/blog\/wp-content\/uploads\/sites\/5\/2021\/06\/Blog2_Photo1_Portrait-1-scaled.jpg 1360w, https:\/\/www.spadreams.it\/blog\/wp-content\/uploads\/sites\/5\/2021\/06\/Blog2_Photo1_Portrait-1-1275x1920.jpg 1275w, https:\/\/www.spadreams.it\/blog\/wp-content\/uploads\/sites\/5\/2021\/06\/Blog2_Photo1_Portrait-1-600x903.jpg 600w, https:\/\/www.spadreams.it\/blog\/wp-content\/uploads\/sites\/5\/2021\/06\/Blog2_Photo1_Portrait-1-800x1204.jpg 800w\" sizes=\"(max-width: 123px) 100vw, 123px\" \/><\/figure>\n<\/div>\n<\/div>\n\n\n\n<h2 class=\"wp-block-heading\" style=\"font-size:25px\"><strong>Caro Dr. Matejka, grazie mille per aver dedicato del tempo a rispondere alle nostre domande! Lei \u00e8 il primario del Maltester Klinik von Weckbecker, una delle cliniche leader nei trattamenti naturopratici. Lei stesso \u00e8 stato studente del Dr. Erich Weckbecker. Cosa l&#8217;ha colpita di pi\u00f9 del suo lavoro?<\/strong><\/h2>\n\n\n\n<p style=\"font-size:17px\">In tedesco c&#8217;\u00e8 un detto riguardo alla propria passione: &#8220;<strong>tu stesso devi bruciare per dare fuoco agli altri<\/strong>&#8220;. Questo vale per il Dr. von Weckbecker. Per nulla impressionato dalle resistenze e opposizioni da parte dei colleghi, ha portato avanti in modo coerente e con successo il suo concetto di<strong> digiuno terapeutico<\/strong> per decenni, <strong>combinandolo con trattamenti biologici di accompagnamento<\/strong> come la fisioterapia e soprattutto con i metodi Kneipp.<\/p>\n\n\n\n<figure class=\"wp-block-image size-large\"><img decoding=\"async\" loading=\"lazy\" width=\"1024\" height=\"683\" src=\"https:\/\/www.spadreams.it\/blog\/wp-content\/uploads\/sites\/5\/2021\/06\/H128.jpg\" alt=\"Malteser Klinik von Weckbecker, immagine dell'edificio\" class=\"wp-image-4385\" srcset=\"https:\/\/www.spadreams.it\/blog\/wp-content\/uploads\/sites\/5\/2021\/06\/H128.jpg 1024w, https:\/\/www.spadreams.it\/blog\/wp-content\/uploads\/sites\/5\/2021\/06\/H128-300x200.jpg 300w, https:\/\/www.spadreams.it\/blog\/wp-content\/uploads\/sites\/5\/2021\/06\/H128-768x512.jpg 768w, https:\/\/www.spadreams.it\/blog\/wp-content\/uploads\/sites\/5\/2021\/06\/H128-600x400.jpg 600w, https:\/\/www.spadreams.it\/blog\/wp-content\/uploads\/sites\/5\/2021\/06\/H128-800x534.jpg 800w, https:\/\/www.spadreams.it\/blog\/wp-content\/uploads\/sites\/5\/2021\/06\/H128-227x152.jpg 227w, https:\/\/www.spadreams.it\/blog\/wp-content\/uploads\/sites\/5\/2021\/06\/H128-143x96.jpg 143w, https:\/\/www.spadreams.it\/blog\/wp-content\/uploads\/sites\/5\/2021\/06\/H128-585x390.jpg 585w, https:\/\/www.spadreams.it\/blog\/wp-content\/uploads\/sites\/5\/2021\/06\/H128-385x257.jpg 385w\" sizes=\"(max-width: 1024px) 100vw, 1024px\" \/><figcaption><strong>\u00a9Malteser<\/strong> <strong>Klinik von Weckbecker<\/strong><br>Qui \u00e8 dove il Dott. Rainer Matejka, primario del Malteser Klinik von Weckbecker, esercita la sua professione.<\/figcaption><\/figure>\n\n\n\n<h2 class=\"wp-block-heading\" style=\"font-size:25px\"><strong>Il suo nuovo libro &#8220;Fasten Heilt&#8221; parla dell&#8217;effetto curativo del digiuno. Fino a che punto il digiuno pu\u00f2 effettivamente ottenere un effetto curativo e non solo alleviare i disturbi? Lei digiuna regolarmente?<\/strong><\/h2>\n\n\n\n<p style=\"font-size:17px\">Soprattutto nel caso di <strong>malattie legate allo stile di vita<\/strong>, in cui i problemi nutrizionali giocano sempre un ruolo importante, il digiuno terapeutico pu\u00f2 effettivamente avere un <strong>effetto curativo<\/strong> benefico. Basti pensare a quella che chiamiamo \u201csindrome metabolica\u201d e che include l&#8217;obesit\u00e0, il diabete di tipo 2, l&#8217;ipertensione e altri fattori di rischio per il cuore. Anche le persone che sentono \u201cle articolazioni\u201d come un segno di artrosi incipiente beneficiano di un trattamento preventivo. Otteniamo anche buoni risultati con l&#8217;emicrania.<\/p>\n\n\n\n<p style=\"font-size:17px\">Con altre malattie sistemiche, ad esempio malattie reumatiche infiammatorie croniche, ma anche in alcune malattie neurologiche come la sclerosi multipla o il morbo di Parkinson, possiamo ottenere <strong>sollievo<\/strong>. Ci\u00f2 non significa che la malattia sia scomparsa, ma i pazienti si sentono meglio. Il paziente con morbo di Parkinson riferisce ad esempio che la rigidit\u00e0, molto stressante per tanti pazienti con Parkinson, risulta migliorata. Il digiuno ha un effetto positivo e duraturo anche negli stati di spossatezza e nel desiderio di un \u201creset\u201d, come oggi si sente sempre pi\u00f9 frequentemente. Io stesso pratico regolarmente il digiuno intermittente per un po&#8217; di tempo, circa 3 volte a settimana.<\/p>\n\n\n\n<figure class=\"wp-block-image size-large\"><img decoding=\"async\" loading=\"lazy\" width=\"1024\" height=\"731\" src=\"https:\/\/www.spadreams.it\/blog\/wp-content\/uploads\/sites\/5\/2021\/06\/RS21481_AdobeStock_316603964-1024x731.jpeg\" alt=\"Piatti con orologio e pranzo a base di avocado, uova, bacon e pomodori\" class=\"wp-image-4389\" srcset=\"https:\/\/www.spadreams.it\/blog\/wp-content\/uploads\/sites\/5\/2021\/06\/RS21481_AdobeStock_316603964-1024x731.jpeg 1024w, https:\/\/www.spadreams.it\/blog\/wp-content\/uploads\/sites\/5\/2021\/06\/RS21481_AdobeStock_316603964-300x214.jpeg 300w, https:\/\/www.spadreams.it\/blog\/wp-content\/uploads\/sites\/5\/2021\/06\/RS21481_AdobeStock_316603964-768x548.jpeg 768w, https:\/\/www.spadreams.it\/blog\/wp-content\/uploads\/sites\/5\/2021\/06\/RS21481_AdobeStock_316603964-1536x1097.jpeg 1536w, https:\/\/www.spadreams.it\/blog\/wp-content\/uploads\/sites\/5\/2021\/06\/RS21481_AdobeStock_316603964-scaled.jpeg 2048w, https:\/\/www.spadreams.it\/blog\/wp-content\/uploads\/sites\/5\/2021\/06\/RS21481_AdobeStock_316603964-1920x1371.jpeg 1920w, https:\/\/www.spadreams.it\/blog\/wp-content\/uploads\/sites\/5\/2021\/06\/RS21481_AdobeStock_316603964-600x429.jpeg 600w, https:\/\/www.spadreams.it\/blog\/wp-content\/uploads\/sites\/5\/2021\/06\/RS21481_AdobeStock_316603964-800x571.jpeg 800w\" sizes=\"(max-width: 1024px) 100vw, 1024px\" \/><\/figure>\n\n\n\n<h2 class=\"wp-block-heading\" style=\"font-size:25px\"><strong>Si dice che il digiuno aiuti con le malattie autoimmuni e della pelle, cos\u00ec come con le malattie neurologiche. In quali aree pensa che il digiuno prometta possibilit\u00e0 di successo particolarmente buone? Quali sono, invece, i limiti del digiuno?<\/strong><\/h2>\n\n\n\n<p style=\"font-size:17px\">I limiti del digiuno entrano in gioco, ovviamente, dove ci sono possibili <strong>controindicazioni<\/strong>. Questo vale, ad esempio, per numerose malattie psichiatriche, in particolare schizofrenia, attacchi di ansia-panico, stati ossessivo-compulsivi, deliri. Anche il cancro manifesto \u00e8 considerato una controindicazione. Certamente poi anche un peso corporeo ridotto di per s\u00e9 \u00e8 una controindicazione, cos\u00ec come l&#8217;et\u00e0 avanzata.<\/p>\n\n\n\n<p style=\"font-size:17px\">Nel nostro centro non consentiamo ai pazienti di digiunare senza precedenti esperienze di digiuno a partire dai 75 anni. Ma anche con i digiunatori esperti poniamo come limite d&#8217;et\u00e0 gli 85 anni, cosa che non \u00e8 sempre ben accolta dai pazienti&#8230;<\/p>\n\n\n\n<h2 class=\"wp-block-heading\" style=\"font-size:25px\"><strong>Potrebbe spiegarci quali processi si attivano nel corpo durante il digiuno? Perch\u00e9 l&#8217;astensione occasionale dal cibo \u00e8 cos\u00ec salutare?<\/strong><\/h2>\n\n\n\n<p style=\"font-size:17px\">Per decenni, i risultati del digiuno sono stati spiegati con <strong>effetti disintossicanti e purificanti<\/strong>. Queste espressioni colloquiali non sono accettate dalla <strong>medicina scientifica moderna<\/strong>. Attraverso la ricerca di base degli ultimi anni ne sappiamo di pi\u00f9.<\/p>\n\n\n\n<p style=\"font-size:17px\">Ogni cellula umana passa attraverso un processo di <strong>autopulizia <\/strong>geneticamente controllata: \u00e8 in grado di avvolgere ed espellere componenti non necessari, ad esempio le proteine, o <strong>riciclare <\/strong>ci\u00f2 che \u00e8 ancora utilizzabile. In altre parole, una sorta di <strong>autoriparazione<\/strong>. Con l&#8217;avanzare dell&#8217;et\u00e0 questa capacit\u00e0 di autoriparazione diminuisce e le malattie diventano pi\u00f9 frequenti.<strong> Il digiuno \u00e8 il modo per stimolare nuovamente questa capacit\u00e0 di autoriparazione.<\/strong><\/p>\n\n\n\n<figure class=\"wp-block-image size-large\"><img decoding=\"async\" loading=\"lazy\" width=\"1024\" height=\"683\" src=\"https:\/\/www.spadreams.it\/blog\/wp-content\/uploads\/sites\/5\/2021\/06\/RS20654_AdobeStock_243915025-1-1024x683.jpeg\" alt=\"Acqua versata da una caraffa al bicchiere\" class=\"wp-image-4392\" srcset=\"https:\/\/www.spadreams.it\/blog\/wp-content\/uploads\/sites\/5\/2021\/06\/RS20654_AdobeStock_243915025-1-1024x683.jpeg 1024w, https:\/\/www.spadreams.it\/blog\/wp-content\/uploads\/sites\/5\/2021\/06\/RS20654_AdobeStock_243915025-1-300x200.jpeg 300w, https:\/\/www.spadreams.it\/blog\/wp-content\/uploads\/sites\/5\/2021\/06\/RS20654_AdobeStock_243915025-1-768x512.jpeg 768w, https:\/\/www.spadreams.it\/blog\/wp-content\/uploads\/sites\/5\/2021\/06\/RS20654_AdobeStock_243915025-1-1536x1024.jpeg 1536w, https:\/\/www.spadreams.it\/blog\/wp-content\/uploads\/sites\/5\/2021\/06\/RS20654_AdobeStock_243915025-1-scaled.jpeg 2048w, https:\/\/www.spadreams.it\/blog\/wp-content\/uploads\/sites\/5\/2021\/06\/RS20654_AdobeStock_243915025-1-1920x1280.jpeg 1920w, https:\/\/www.spadreams.it\/blog\/wp-content\/uploads\/sites\/5\/2021\/06\/RS20654_AdobeStock_243915025-1-600x400.jpeg 600w, https:\/\/www.spadreams.it\/blog\/wp-content\/uploads\/sites\/5\/2021\/06\/RS20654_AdobeStock_243915025-1-800x533.jpeg 800w, https:\/\/www.spadreams.it\/blog\/wp-content\/uploads\/sites\/5\/2021\/06\/RS20654_AdobeStock_243915025-1-227x152.jpeg 227w, https:\/\/www.spadreams.it\/blog\/wp-content\/uploads\/sites\/5\/2021\/06\/RS20654_AdobeStock_243915025-1-143x96.jpeg 143w, https:\/\/www.spadreams.it\/blog\/wp-content\/uploads\/sites\/5\/2021\/06\/RS20654_AdobeStock_243915025-1-585x390.jpeg 585w, https:\/\/www.spadreams.it\/blog\/wp-content\/uploads\/sites\/5\/2021\/06\/RS20654_AdobeStock_243915025-1-385x257.jpeg 385w\" sizes=\"(max-width: 1024px) 100vw, 1024px\" \/><\/figure>\n\n\n\n<p style=\"font-size:17px\">Secondo le scoperte pi\u00f9 recenti anche periodi di digiuno pi\u00f9 brevi (a volte solo 1 giorno o 2) o anche il <strong>digiuno intermittente<\/strong>, che sta diventando sempre pi\u00f9 di moda e in cui colazione o cena vengono solitamente omesse, mostrano un <strong>cambiamento nel metabolismo<\/strong>. Si parla di <strong>metabolic switch<\/strong>: l&#8217;organismo trae quindi sempre pi\u00f9 energia dalla <strong>combustione degli acidi grassi<\/strong> e non solo dall&#8217;utilizzo dei carboidrati. Questo \u201cinterruttore\u201d attiva importanti<strong> processi metabolici e immunitari<\/strong>.<\/p>\n\n\n\n<h2 class=\"wp-block-heading\" style=\"font-size:25px\"><strong>Quanto tempo bisogna digiunare per ottenere i primi risultati? E per quanto tempo si trae beneficio dal regime di digiuno? Vale la pena incorporare intervalli di digiuno minori nella vita di tutti i giorni per ottenere un miglioramento duraturo della salute?<\/strong><\/h2>\n\n\n\n<p style=\"font-size:17px\">In passato, qui nella clinica venivano effettuati <strong>21 giorni<\/strong> di digiuno e una settimana di rialimentazione. Oggi, per motivi di tempo, ci\u00f2 avviene solo in casi eccezionali. La maggior parte dei pazienti soggiorna in clinica solo per circa <strong>10 giorni<\/strong>. Tuttavia, sappiamo da recenti ricerche che anche una <strong>settimana di digiuno terapeutico<\/strong> pu\u00f2 essere efficace. Ovviamente dipende dalle condizioni mediche del paziente. Un&#8217;anamnesi cronica infiammatoria necessita sicuramente di un digiuno pi\u00f9 lungo di almeno 14 giorni inizialmente, al fine di creare una base per ulteriori successi. In seguito vale la pena proseguire con <strong>un&#8217;ulteriore settimana di digiuno almeno 1 \u2013 2 volte all&#8217;anno<\/strong>. Parliamo di <strong>guarigione graduale attraverso il digiuno<\/strong>, che \u00e8 pi\u00f9 efficace che eseguire un trattamento di digiuno pi\u00f9 lungo ogni paio d&#8217;anni.<\/p>\n\n\n\n<figure class=\"wp-block-image size-large\"><img decoding=\"async\" loading=\"lazy\" width=\"1024\" height=\"683\" src=\"https:\/\/www.spadreams.it\/blog\/wp-content\/uploads\/sites\/5\/2021\/06\/RS21491_AdobeStock_74036198-1024x683.jpeg\" alt=\"Immagine di succhi di frutta e verdura, con peperoni, kiwi, mela, cetriolo, arancia, carota\" class=\"wp-image-4394\" srcset=\"https:\/\/www.spadreams.it\/blog\/wp-content\/uploads\/sites\/5\/2021\/06\/RS21491_AdobeStock_74036198-1024x683.jpeg 1024w, https:\/\/www.spadreams.it\/blog\/wp-content\/uploads\/sites\/5\/2021\/06\/RS21491_AdobeStock_74036198-300x200.jpeg 300w, https:\/\/www.spadreams.it\/blog\/wp-content\/uploads\/sites\/5\/2021\/06\/RS21491_AdobeStock_74036198-768x512.jpeg 768w, https:\/\/www.spadreams.it\/blog\/wp-content\/uploads\/sites\/5\/2021\/06\/RS21491_AdobeStock_74036198-1536x1024.jpeg 1536w, https:\/\/www.spadreams.it\/blog\/wp-content\/uploads\/sites\/5\/2021\/06\/RS21491_AdobeStock_74036198-scaled.jpeg 2048w, https:\/\/www.spadreams.it\/blog\/wp-content\/uploads\/sites\/5\/2021\/06\/RS21491_AdobeStock_74036198-1920x1280.jpeg 1920w, https:\/\/www.spadreams.it\/blog\/wp-content\/uploads\/sites\/5\/2021\/06\/RS21491_AdobeStock_74036198-600x400.jpeg 600w, https:\/\/www.spadreams.it\/blog\/wp-content\/uploads\/sites\/5\/2021\/06\/RS21491_AdobeStock_74036198-800x533.jpeg 800w, https:\/\/www.spadreams.it\/blog\/wp-content\/uploads\/sites\/5\/2021\/06\/RS21491_AdobeStock_74036198-227x152.jpeg 227w, https:\/\/www.spadreams.it\/blog\/wp-content\/uploads\/sites\/5\/2021\/06\/RS21491_AdobeStock_74036198-143x96.jpeg 143w, https:\/\/www.spadreams.it\/blog\/wp-content\/uploads\/sites\/5\/2021\/06\/RS21491_AdobeStock_74036198-585x390.jpeg 585w, https:\/\/www.spadreams.it\/blog\/wp-content\/uploads\/sites\/5\/2021\/06\/RS21491_AdobeStock_74036198-385x257.jpeg 385w\" sizes=\"(max-width: 1024px) 100vw, 1024px\" \/><\/figure>\n\n\n\n<p style=\"font-size:17px\">Tuttavia, per stabilizzare il successo o per la prevenzione, sono utili anche<strong> intervalli di digiuno pi\u00f9 brevi<\/strong>, come <strong>un giorno a settimana di succhi di frutta<\/strong> o il <strong>principio 5\/2<\/strong>, cio\u00e8 due giorni a settimana di scarico in cui, ad esempio, si mangiano solo verdure e\/o patate.<\/p>\n\n\n\n<h2 class=\"wp-block-heading\" style=\"font-size:25px\"><strong>Quali nuove intuizioni ha incontrato come risultato del suo intenso studio sul tema del digiuno e della guarigione mentre scriveva il suo libro? Si senta libero di dare ai nostri lettori una piccola anteprima.<\/strong><\/h2>\n\n\n\n<p style=\"font-size:17px\">Ho menzionato il <strong>metabolic switch<\/strong>, il<strong> cambiamento del metabolismo dall&#8217;utilizzo dei carboidrati all&#8217;utilizzo del corpo chetonico<\/strong>. Mentre in passato si riteneva che si trattasse di sostanze inferiori, se non pericolose, negli ultimi anni abbiamo visto una serie di <strong>effetti positivi<\/strong>. Ci sono addirittura studi che considerano una chetosi cos\u00ec leggera come favorevole soprattutto per il cervello, da cui possono trarre profitto anche le<strong> persone che soffrono di demenza<\/strong>. Il corpo ha evidentemente una sorta di sistema ibrido per l&#8217;utilizzo dell&#8217;energia.<\/p>\n\n\n\n<h2 class=\"wp-block-heading\" style=\"font-size:25px\"><strong>Il Malteser Klinik combina metodi di guarigione naturali con la medicina convenzionale. Perch\u00e9 questa combinazione \u00e8 cos\u00ec promettente? E qual \u00e8 la verit\u00e0 dell&#8217;affermazione che la medicina convenzionale spesso combatte solo i sintomi della sofferenza, ma non la causa principale?<\/strong><\/h2>\n\n\n\n<p style=\"font-size:17px\">La combinazione di trattamenti naturopatici e medicina convenzionale \u00e8 utile e necessaria soprattutto perch\u00e9 possiamo combinare le possibilit\u00e0 della diagnostica medica convenzionale e le loro opzioni di trattamento medico acuto con le strategie spesso causali della naturopatia. Il cambiamento dello stile di vita \u00e8 al centro di questo. L&#8217;OMS (Organizzazione mondiale della sanit\u00e0) considera il <strong>cambiamento dello stile di vita un prerequisito<\/strong> affinch\u00e9 i sistemi sanitari rimangano finanziariamente sostenibili in futuro.<\/p>\n\n\n\n<h2 class=\"wp-block-heading\" style=\"font-size:25px\"><strong>Con quali disturbi gli ospiti vengono pi\u00f9 frequentemente nella tua clinica? Quanto tempo rimangono e quali programmi di digiuno sono pi\u00f9 popolari?<\/strong><\/h2>\n\n\n\n<p style=\"font-size:17px\">Al momento arrivano moltissime persone con il desiderio di un cosiddetto &#8220;<strong>reset<\/strong>&#8220;. La ragione di ci\u00f2 \u00e8 l&#8217;ampia gamma di fattori di stress che provengono dalla vita moderna. Molto spesso i pazienti vengono da noi con <strong>problemi ortopedici di ogni tipo<\/strong>, dove vediamo che molto di ci\u00f2 che viene attribuito a &#8220;usura&#8221; nell&#8217;area della colonna vertebrale o delle articolazioni \u00e8 in realt\u00e0 causato dalla tensione muscolare. Questo ci apre ad approcci completamente nuovi per la terapia del dolore e gi\u00e0 ora la fisioterapia svolge un ruolo importante nella nostra clinica.<\/p>\n\n\n\n<h2 class=\"wp-block-heading\" style=\"font-size:25px\"><strong>I ritiri di digiuno del Malteser Klinik vanno dal classico digiuno terapeutico al digiuno intermittente e alle escursioni a digiuno. Quale regime di digiuno consiglia ai principianti assoluti del digiuno?<\/strong><\/h2>\n\n\n\n<p style=\"font-size:17px\">In generale, tutti i metodi sopra menzionati sono adatti per i principianti del digiuno. Tuttavia, specialmente durante le escursioni a digiuno dovrebbero essere ovviamente presenti <strong>sufficienti capacit\u00e0 fisiche<\/strong> e capacit\u00e0 di camminare e, ad esempio, <strong>nessuna malattia cardiovascolare acuta<\/strong> con aritmia cardiaca.<\/p>\n\n\n\n<figure class=\"wp-block-image size-large\"><img decoding=\"async\" loading=\"lazy\" width=\"1024\" height=\"683\" src=\"https:\/\/www.spadreams.it\/blog\/wp-content\/uploads\/sites\/5\/2021\/06\/RS317_Fotolia_80300113_Subscription_XXL-1024x683.jpg\" alt=\"Tre donne fanno nordic walking nella natura\" class=\"wp-image-4395\" srcset=\"https:\/\/www.spadreams.it\/blog\/wp-content\/uploads\/sites\/5\/2021\/06\/RS317_Fotolia_80300113_Subscription_XXL-1024x683.jpg 1024w, https:\/\/www.spadreams.it\/blog\/wp-content\/uploads\/sites\/5\/2021\/06\/RS317_Fotolia_80300113_Subscription_XXL-300x200.jpg 300w, https:\/\/www.spadreams.it\/blog\/wp-content\/uploads\/sites\/5\/2021\/06\/RS317_Fotolia_80300113_Subscription_XXL-768x512.jpg 768w, https:\/\/www.spadreams.it\/blog\/wp-content\/uploads\/sites\/5\/2021\/06\/RS317_Fotolia_80300113_Subscription_XXL-1536x1024.jpg 1536w, https:\/\/www.spadreams.it\/blog\/wp-content\/uploads\/sites\/5\/2021\/06\/RS317_Fotolia_80300113_Subscription_XXL-scaled.jpg 2048w, https:\/\/www.spadreams.it\/blog\/wp-content\/uploads\/sites\/5\/2021\/06\/RS317_Fotolia_80300113_Subscription_XXL-1920x1280.jpg 1920w, https:\/\/www.spadreams.it\/blog\/wp-content\/uploads\/sites\/5\/2021\/06\/RS317_Fotolia_80300113_Subscription_XXL-600x400.jpg 600w, https:\/\/www.spadreams.it\/blog\/wp-content\/uploads\/sites\/5\/2021\/06\/RS317_Fotolia_80300113_Subscription_XXL-800x533.jpg 800w, https:\/\/www.spadreams.it\/blog\/wp-content\/uploads\/sites\/5\/2021\/06\/RS317_Fotolia_80300113_Subscription_XXL-227x152.jpg 227w, https:\/\/www.spadreams.it\/blog\/wp-content\/uploads\/sites\/5\/2021\/06\/RS317_Fotolia_80300113_Subscription_XXL-143x96.jpg 143w, https:\/\/www.spadreams.it\/blog\/wp-content\/uploads\/sites\/5\/2021\/06\/RS317_Fotolia_80300113_Subscription_XXL-585x390.jpg 585w, https:\/\/www.spadreams.it\/blog\/wp-content\/uploads\/sites\/5\/2021\/06\/RS317_Fotolia_80300113_Subscription_XXL-385x257.jpg 385w\" sizes=\"(max-width: 1024px) 100vw, 1024px\" \/><\/figure>\n\n\n\n<h2 class=\"wp-block-heading\" style=\"font-size:25px\"><strong>Digiuno per principianti: alcune persone vorrebbero provare il digiuno o la disintossicazione direttamente nel comfort della propria casa. Cosa devono assolutamente sapere i principianti del digiuno prima di iniziare con la pulizia del corpo dall&#8217;interno?<\/strong><\/h2>\n\n\n\n<p style=\"font-size:17px\">Raccomandiamo spesso ai pazienti di <strong>alternare i giorni<\/strong>, cio\u00e8 prima dell&#8217;inizio di un programma di digiuno, mangiare per 2 \u2013 3 giorni solo patate e verdure o riso e verdure, con aggiunta magari di un olio vegetale di alta qualit\u00e0, ma niente proteine animali e sicuramente niente cibi pronti. Questo porta gi\u00e0 a una disintossicazione e decongestione abbastanza buone e consente una transizione pi\u00f9 facile al digiuno a base di succo.<\/p>\n\n\n\n<figure class=\"wp-block-image size-large\"><img decoding=\"async\" loading=\"lazy\" width=\"1024\" height=\"683\" src=\"https:\/\/www.spadreams.it\/blog\/wp-content\/uploads\/sites\/5\/2021\/06\/RS21488_AdobeStock_194606202-1024x683.jpeg\" alt=\"Succo di mandarini e carote in bicchiere di vetro con frutta e verdura\" class=\"wp-image-4396\" srcset=\"https:\/\/www.spadreams.it\/blog\/wp-content\/uploads\/sites\/5\/2021\/06\/RS21488_AdobeStock_194606202-1024x683.jpeg 1024w, https:\/\/www.spadreams.it\/blog\/wp-content\/uploads\/sites\/5\/2021\/06\/RS21488_AdobeStock_194606202-300x200.jpeg 300w, https:\/\/www.spadreams.it\/blog\/wp-content\/uploads\/sites\/5\/2021\/06\/RS21488_AdobeStock_194606202-768x513.jpeg 768w, https:\/\/www.spadreams.it\/blog\/wp-content\/uploads\/sites\/5\/2021\/06\/RS21488_AdobeStock_194606202-1536x1025.jpeg 1536w, https:\/\/www.spadreams.it\/blog\/wp-content\/uploads\/sites\/5\/2021\/06\/RS21488_AdobeStock_194606202-scaled.jpeg 2048w, https:\/\/www.spadreams.it\/blog\/wp-content\/uploads\/sites\/5\/2021\/06\/RS21488_AdobeStock_194606202-1920x1281.jpeg 1920w, https:\/\/www.spadreams.it\/blog\/wp-content\/uploads\/sites\/5\/2021\/06\/RS21488_AdobeStock_194606202-600x400.jpeg 600w, https:\/\/www.spadreams.it\/blog\/wp-content\/uploads\/sites\/5\/2021\/06\/RS21488_AdobeStock_194606202-800x534.jpeg 800w, https:\/\/www.spadreams.it\/blog\/wp-content\/uploads\/sites\/5\/2021\/06\/RS21488_AdobeStock_194606202-227x152.jpeg 227w, https:\/\/www.spadreams.it\/blog\/wp-content\/uploads\/sites\/5\/2021\/06\/RS21488_AdobeStock_194606202-143x96.jpeg 143w, https:\/\/www.spadreams.it\/blog\/wp-content\/uploads\/sites\/5\/2021\/06\/RS21488_AdobeStock_194606202-585x390.jpeg 585w, https:\/\/www.spadreams.it\/blog\/wp-content\/uploads\/sites\/5\/2021\/06\/RS21488_AdobeStock_194606202-385x257.jpeg 385w\" sizes=\"(max-width: 1024px) 100vw, 1024px\" \/><\/figure>\n\n\n\n<p style=\"font-size:17px\">Tuttavia, se non avete mai digiunato prima, non dovreste farlo completamente da soli. Consiglio di entrare a far parte di un <strong>gruppo di digiuno<\/strong>. Altrimenti vale questa affermazione del noto medico del digiuno Hellmut L\u00fctzner: distinguiamo tra digiuno preventivo per chi \u00e8 ancora sano e digiuno terapeutico nel vero senso della parola per chi \u00e8 gi\u00e0 malato. Il primo \u00e8 di solito realizzato ambulatorialmente, il secondo dovrebbe essere effettuato in una clinica.<\/p>\n\n\n\n<p style=\"font-size:17px\">I principianti del digiuno dovrebbero anche essere informati sulle controindicazioni del digiuno ed esserne consapevoli: il digiuno non \u00e8 qualcosa che si fa da un momento all&#8217;altro, ma soprattutto nel caso del digiuno terapeutico, <strong>ci si deve preparare internamente in anticipo<\/strong>.<\/p>\n\n\n\n<div class=\"fitOffers\"><div class=\"fitOfferWrapper\"><div class=\"fitOfferUpper\"><a href=\"https:\/\/www.spadreams.it\/hotel\/malteser-klinik-von-weckbecker-bad-bruckenau-rhon-128\/\"><img src=\"https:\/\/img.fitreisen.group\/eyJidWNrZXQiOiJmaXRyZWlzZW4tY2RuLWltYWdlcyIsImtleSI6IkY4RDA4RDA4NzA5QjJFNDQ4RDlBODc2NUI0QUMwNzM2IiwiZWRpdHMiOnsicmVzaXplIjp7IndpZHRoIjo0MzUsImhlaWdodCI6MjkwLCJmaXQiOiJjb3ZlciIsInBvc2l0aW9uIjoiYXR0ZW50aW9uIn19fQ==?signature=ce88da35f2a85415cd2118f916dea5a58b980e1051a3449305d69b8b25e96ac6\"><\/a><div class=\"offerContent\"><div class=\"row\"><div class=\"col\"><span class=\"offerHl\">Malteser Klinik von Weckbecker<\/span><\/div><\/div><div class=\"row lowHeight\"><div class=\"col lowHeight\"><span class=\"offerLoc\">Germania &#8211; Rh&ouml;n &#8211; Bad Br&uuml;ckenau<\/span><\/div><\/div><\/div><\/div><div class=\"firstOffer\"><div class=\"firstOfferContent\"><div class=\"fiOfName\"><span>Soggiorno<\/span><\/div><div class=\"fiOfInf\"><span>7 notti, camera doppia, servizio pasti speciali<\/span><\/div><\/div><div class=\"\"><a class=\"ofBtnRight firstOfferBtn\" href=\"https:\/\/www.spadreams.it\/hotel\/malteser-klinik-von-weckbecker-bad-bruckenau-rhon-128\/#p=128P1NN\">da 903\u20ac<\/a><\/div><\/div><\/div><\/div>\n\n\n\n<p><\/p>\n","protected":false},"excerpt":{"rendered":"<p>Oggi vogliamo parlarvi di nuovo di digiuno e per questo motivo abbiamo chiesto il prezioso supporto del Dr. Matejka, primario del Malteser Klinik von Weckbecker a Bad Br\u00fcckenau che digiuna regolarmente. Recentemente \u00e8 stato pubblicato il suo nuovo libro \u201cil digiuno cura\u201d (disponibile in tedesco, \u201cFasten heilt\u201d). Potete vederne una piccola anteprima in questa intervista! [&hellip;]<\/p>\n","protected":false},"author":16,"featured_media":4399,"comment_status":"closed","ping_status":"closed","sticky":false,"template":"","format":"standard","meta":{"wprm-recipe-roundup-name":"","wprm-recipe-roundup-description":"","footnotes":""},"categories":[630],"tags":[36,182,187,711],"yoast_head":"<!-- This site is optimized with the Yoast SEO plugin v22.6 - https:\/\/yoast.com\/wordpress\/plugins\/seo\/ -->\n<title>Malteser Klinik von Weckbecker - Intervista con il Dr. Matejka - SpaDreams Blog<\/title>\n<meta name=\"description\" content=\"Abbiamo parlato degli effetti del digiuno terapeutico con il Dott. Matejka del Malteser Klinik in Germania. Leggete qui tutta l&#039;intervista!\" \/>\n<meta name=\"robots\" content=\"index, follow, max-snippet:-1, max-image-preview:large, max-video-preview:-1\" \/>\n<meta property=\"og:locale\" content=\"it_IT\" \/>\n<meta property=\"og:type\" content=\"article\" \/>\n<meta property=\"og:title\" content=\"Malteser Klinik von Weckbecker - Intervista con il Dr. Matejka - SpaDreams Blog\" \/>\n<meta property=\"og:description\" content=\"Abbiamo parlato degli effetti del digiuno terapeutico con il Dott. Matejka del Malteser Klinik in Germania. Leggete qui tutta l&#039;intervista!\" \/>\n<meta property=\"og:url\" content=\"https:\/\/www.spadreams.it\/blog\/malteser-klinik-von-weckbecker-intervista-con-il-dr-matejka\/\" \/>\n<meta property=\"og:site_name\" content=\"SpaDreams Blog\" \/>\n<meta property=\"article:published_time\" content=\"2021-06-30T09:01:39+00:00\" \/>\n<meta property=\"article:modified_time\" content=\"2021-07-01T11:32:03+00:00\" \/>\n<meta property=\"og:image\" content=\"https:\/\/www.spadreams.it\/blog\/wp-content\/uploads\/sites\/5\/2021\/06\/RS21500_AdobeStock_276836779-scaled.jpeg\" \/>\n\t<meta property=\"og:image:width\" content=\"2048\" \/>\n\t<meta property=\"og:image:height\" content=\"713\" \/>\n\t<meta property=\"og:image:type\" content=\"image\/jpeg\" \/>\n<meta name=\"author\" content=\"Esperto del benessere\" \/>\n<meta name=\"twitter:card\" content=\"summary_large_image\" \/>\n<meta name=\"twitter:label1\" content=\"Scritto da\" \/>\n\t<meta name=\"twitter:data1\" content=\"Esperto del benessere\" \/>\n\t<meta name=\"twitter:label2\" content=\"Tempo di lettura stimato\" \/>\n\t<meta name=\"twitter:data2\" content=\"9 minuti\" \/>\n<script type=\"application\/ld+json\" class=\"yoast-schema-graph\">{\"@context\":\"https:\/\/schema.org\",\"@graph\":[{\"@type\":\"WebPage\",\"@id\":\"https:\/\/www.spadreams.it\/blog\/malteser-klinik-von-weckbecker-intervista-con-il-dr-matejka\/\",\"url\":\"https:\/\/www.spadreams.it\/blog\/malteser-klinik-von-weckbecker-intervista-con-il-dr-matejka\/\",\"name\":\"Malteser Klinik von Weckbecker - Intervista con il Dr. Matejka - SpaDreams Blog\",\"isPartOf\":{\"@id\":\"https:\/\/www.spadreams.it\/blog\/#website\"},\"primaryImageOfPage\":{\"@id\":\"https:\/\/www.spadreams.it\/blog\/malteser-klinik-von-weckbecker-intervista-con-il-dr-matejka\/#primaryimage\"},\"image\":{\"@id\":\"https:\/\/www.spadreams.it\/blog\/malteser-klinik-von-weckbecker-intervista-con-il-dr-matejka\/#primaryimage\"},\"thumbnailUrl\":\"https:\/\/www.spadreams.it\/blog\/wp-content\/uploads\/sites\/5\/2021\/06\/RS21500_AdobeStock_276836779-scaled.jpeg\",\"datePublished\":\"2021-06-30T09:01:39+00:00\",\"dateModified\":\"2021-07-01T11:32:03+00:00\",\"author\":{\"@id\":\"https:\/\/www.spadreams.it\/blog\/#\/schema\/person\/c3be75c52c3514de6444c71eb607ddb2\"},\"description\":\"Abbiamo parlato degli effetti del digiuno terapeutico con il Dott. Matejka del Malteser Klinik in Germania. Leggete qui tutta l'intervista!\",\"breadcrumb\":{\"@id\":\"https:\/\/www.spadreams.it\/blog\/malteser-klinik-von-weckbecker-intervista-con-il-dr-matejka\/#breadcrumb\"},\"inLanguage\":\"it-IT\",\"potentialAction\":[{\"@type\":\"ReadAction\",\"target\":[\"https:\/\/www.spadreams.it\/blog\/malteser-klinik-von-weckbecker-intervista-con-il-dr-matejka\/\"]}]},{\"@type\":\"ImageObject\",\"inLanguage\":\"it-IT\",\"@id\":\"https:\/\/www.spadreams.it\/blog\/malteser-klinik-von-weckbecker-intervista-con-il-dr-matejka\/#primaryimage\",\"url\":\"https:\/\/www.spadreams.it\/blog\/wp-content\/uploads\/sites\/5\/2021\/06\/RS21500_AdobeStock_276836779-scaled.jpeg\",\"contentUrl\":\"https:\/\/www.spadreams.it\/blog\/wp-content\/uploads\/sites\/5\/2021\/06\/RS21500_AdobeStock_276836779-scaled.jpeg\",\"width\":2048,\"height\":713,\"caption\":\"Healthy food immune boosting selection. Cold and flu remedy relief. High in antioxidants, minerals and vitamins. Panorama, banner\"},{\"@type\":\"BreadcrumbList\",\"@id\":\"https:\/\/www.spadreams.it\/blog\/malteser-klinik-von-weckbecker-intervista-con-il-dr-matejka\/#breadcrumb\",\"itemListElement\":[{\"@type\":\"ListItem\",\"position\":1,\"name\":\"Home\",\"item\":\"https:\/\/www.spadreams.it\/blog\/\"},{\"@type\":\"ListItem\",\"position\":2,\"name\":\"Alimentazione\",\"item\":\"https:\/\/www.spadreams.it\/blog\/alimentazione\/\"},{\"@type\":\"ListItem\",\"position\":3,\"name\":\"Malteser Klinik von Weckbecker &#8211; Intervista con il Dr. Matejka\"}]},{\"@type\":\"WebSite\",\"@id\":\"https:\/\/www.spadreams.it\/blog\/#website\",\"url\":\"https:\/\/www.spadreams.it\/blog\/\",\"name\":\"SpaDreams Blog\",\"description\":\"Il blog per la salute e il benessere\",\"potentialAction\":[{\"@type\":\"SearchAction\",\"target\":{\"@type\":\"EntryPoint\",\"urlTemplate\":\"https:\/\/www.spadreams.it\/blog\/?s={search_term_string}\"},\"query-input\":\"required name=search_term_string\"}],\"inLanguage\":\"it-IT\"},{\"@type\":\"Person\",\"@id\":\"https:\/\/www.spadreams.it\/blog\/#\/schema\/person\/c3be75c52c3514de6444c71eb607ddb2\",\"name\":\"Esperto del benessere\",\"image\":{\"@type\":\"ImageObject\",\"inLanguage\":\"it-IT\",\"@id\":\"https:\/\/www.spadreams.it\/blog\/#\/schema\/person\/image\/\",\"url\":\"https:\/\/secure.gravatar.com\/avatar\/d389b5ae0933b60aab03b784b25be1d8?s=96&d=mm&r=g\",\"contentUrl\":\"https:\/\/secure.gravatar.com\/avatar\/d389b5ae0933b60aab03b784b25be1d8?s=96&d=mm&r=g\",\"caption\":\"Esperto del benessere\"},\"url\":\"https:\/\/www.spadreams.it\/blog\/author\/esperto-del-benessere\/\"}]}<\/script>\n<!-- \/ Yoast SEO plugin. -->","yoast_head_json":{"title":"Malteser Klinik von Weckbecker - Intervista con il Dr. Matejka - SpaDreams Blog","description":"Abbiamo parlato degli effetti del digiuno terapeutico con il Dott. Matejka del Malteser Klinik in Germania. Leggete qui tutta l'intervista!","robots":{"index":"index","follow":"follow","max-snippet":"max-snippet:-1","max-image-preview":"max-image-preview:large","max-video-preview":"max-video-preview:-1"},"og_locale":"it_IT","og_type":"article","og_title":"Malteser Klinik von Weckbecker - Intervista con il Dr. Matejka - SpaDreams Blog","og_description":"Abbiamo parlato degli effetti del digiuno terapeutico con il Dott. Matejka del Malteser Klinik in Germania. Leggete qui tutta l'intervista!","og_url":"https:\/\/www.spadreams.it\/blog\/malteser-klinik-von-weckbecker-intervista-con-il-dr-matejka\/","og_site_name":"SpaDreams Blog","article_published_time":"2021-06-30T09:01:39+00:00","article_modified_time":"2021-07-01T11:32:03+00:00","og_image":[{"width":2048,"height":713,"url":"https:\/\/www.spadreams.it\/blog\/wp-content\/uploads\/sites\/5\/2021\/06\/RS21500_AdobeStock_276836779-scaled.jpeg","type":"image\/jpeg"}],"author":"Esperto del benessere","twitter_card":"summary_large_image","twitter_misc":{"Scritto da":"Esperto del benessere","Tempo di lettura stimato":"9 minuti"},"schema":{"@context":"https:\/\/schema.org","@graph":[{"@type":"WebPage","@id":"https:\/\/www.spadreams.it\/blog\/malteser-klinik-von-weckbecker-intervista-con-il-dr-matejka\/","url":"https:\/\/www.spadreams.it\/blog\/malteser-klinik-von-weckbecker-intervista-con-il-dr-matejka\/","name":"Malteser Klinik von Weckbecker - Intervista con il Dr. Matejka - SpaDreams Blog","isPartOf":{"@id":"https:\/\/www.spadreams.it\/blog\/#website"},"primaryImageOfPage":{"@id":"https:\/\/www.spadreams.it\/blog\/malteser-klinik-von-weckbecker-intervista-con-il-dr-matejka\/#primaryimage"},"image":{"@id":"https:\/\/www.spadreams.it\/blog\/malteser-klinik-von-weckbecker-intervista-con-il-dr-matejka\/#primaryimage"},"thumbnailUrl":"https:\/\/www.spadreams.it\/blog\/wp-content\/uploads\/sites\/5\/2021\/06\/RS21500_AdobeStock_276836779-scaled.jpeg","datePublished":"2021-06-30T09:01:39+00:00","dateModified":"2021-07-01T11:32:03+00:00","author":{"@id":"https:\/\/www.spadreams.it\/blog\/#\/schema\/person\/c3be75c52c3514de6444c71eb607ddb2"},"description":"Abbiamo parlato degli effetti del digiuno terapeutico con il Dott. Matejka del Malteser Klinik in Germania. Leggete qui tutta l'intervista!","breadcrumb":{"@id":"https:\/\/www.spadreams.it\/blog\/malteser-klinik-von-weckbecker-intervista-con-il-dr-matejka\/#breadcrumb"},"inLanguage":"it-IT","potentialAction":[{"@type":"ReadAction","target":["https:\/\/www.spadreams.it\/blog\/malteser-klinik-von-weckbecker-intervista-con-il-dr-matejka\/"]}]},{"@type":"ImageObject","inLanguage":"it-IT","@id":"https:\/\/www.spadreams.it\/blog\/malteser-klinik-von-weckbecker-intervista-con-il-dr-matejka\/#primaryimage","url":"https:\/\/www.spadreams.it\/blog\/wp-content\/uploads\/sites\/5\/2021\/06\/RS21500_AdobeStock_276836779-scaled.jpeg","contentUrl":"https:\/\/www.spadreams.it\/blog\/wp-content\/uploads\/sites\/5\/2021\/06\/RS21500_AdobeStock_276836779-scaled.jpeg","width":2048,"height":713,"caption":"Healthy food immune boosting selection. Cold and flu remedy relief. High in antioxidants, minerals and vitamins. Panorama, banner"},{"@type":"BreadcrumbList","@id":"https:\/\/www.spadreams.it\/blog\/malteser-klinik-von-weckbecker-intervista-con-il-dr-matejka\/#breadcrumb","itemListElement":[{"@type":"ListItem","position":1,"name":"Home","item":"https:\/\/www.spadreams.it\/blog\/"},{"@type":"ListItem","position":2,"name":"Alimentazione","item":"https:\/\/www.spadreams.it\/blog\/alimentazione\/"},{"@type":"ListItem","position":3,"name":"Malteser Klinik von Weckbecker &#8211; Intervista con il Dr. Matejka"}]},{"@type":"WebSite","@id":"https:\/\/www.spadreams.it\/blog\/#website","url":"https:\/\/www.spadreams.it\/blog\/","name":"SpaDreams Blog","description":"Il blog per la salute e il benessere","potentialAction":[{"@type":"SearchAction","target":{"@type":"EntryPoint","urlTemplate":"https:\/\/www.spadreams.it\/blog\/?s={search_term_string}"},"query-input":"required name=search_term_string"}],"inLanguage":"it-IT"},{"@type":"Person","@id":"https:\/\/www.spadreams.it\/blog\/#\/schema\/person\/c3be75c52c3514de6444c71eb607ddb2","name":"Esperto del benessere","image":{"@type":"ImageObject","inLanguage":"it-IT","@id":"https:\/\/www.spadreams.it\/blog\/#\/schema\/person\/image\/","url":"https:\/\/secure.gravatar.com\/avatar\/d389b5ae0933b60aab03b784b25be1d8?s=96&d=mm&r=g","contentUrl":"https:\/\/secure.gravatar.com\/avatar\/d389b5ae0933b60aab03b784b25be1d8?s=96&d=mm&r=g","caption":"Esperto del benessere"},"url":"https:\/\/www.spadreams.it\/blog\/author\/esperto-del-benessere\/"}]}},"_links":{"self":[{"href":"https:\/\/www.spadreams.it\/blog\/wp-json\/wp\/v2\/posts\/4382"}],"collection":[{"href":"https:\/\/www.spadreams.it\/blog\/wp-json\/wp\/v2\/posts"}],"about":[{"href":"https:\/\/www.spadreams.it\/blog\/wp-json\/wp\/v2\/types\/post"}],"author":[{"embeddable":true,"href":"https:\/\/www.spadreams.it\/blog\/wp-json\/wp\/v2\/users\/16"}],"replies":[{"embeddable":true,"href":"https:\/\/www.spadreams.it\/blog\/wp-json\/wp\/v2\/comments?post=4382"}],"version-history":[{"count":19,"href":"https:\/\/www.spadreams.it\/blog\/wp-json\/wp\/v2\/posts\/4382\/revisions"}],"predecessor-version":[{"id":4435,"href":"https:\/\/www.spadreams.it\/blog\/wp-json\/wp\/v2\/posts\/4382\/revisions\/4435"}],"wp:featuredmedia":[{"embeddable":true,"href":"https:\/\/www.spadreams.it\/blog\/wp-json\/wp\/v2\/media\/4399"}],"wp:attachment":[{"href":"https:\/\/www.spadreams.it\/blog\/wp-json\/wp\/v2\/media?parent=4382"}],"wp:term":[{"taxonomy":"category","embeddable":true,"href":"https:\/\/www.spadreams.it\/blog\/wp-json\/wp\/v2\/categories?post=4382"},{"taxonomy":"post_tag","embeddable":true,"href":"https:\/\/www.spadreams.it\/blog\/wp-json\/wp\/v2\/tags?post=4382"}],"curies":[{"name":"wp","href":"https:\/\/api.w.org\/{rel}","templated":true}]}}